	{"id":1332,"date":"2019-10-12T14:28:23","date_gmt":"2019-10-12T12:28:23","guid":{"rendered":"http:\/\/www.bfg.asso.fr\/?p=1332"},"modified":"2019-10-16T14:41:49","modified_gmt":"2019-10-16T12:41:49","slug":"la-lettre-de-lodyssee-n134","status":"publish","type":"post","link":"https:\/\/www.bfg.asso.fr\/?p=1332","title":{"rendered":"La lettre de l\u2019Odyss\u00e9e n\u00b0134"},"content":{"rendered":"\n<div class=\"wp-block-image\"><figure class=\"alignright\"><img loading=\"lazy\" decoding=\"async\" width=\"197\" height=\"250\" src=\"https:\/\/www.bfg.asso.fr\/wp-content\/uploads\/2019\/10\/134.jpg\" alt=\"\" class=\"wp-image-1333\"\/><\/figure><\/div>\n\n\n\n<p>La lettre de l&rsquo;Odyss\u00e9e n\u00b0 134, bulletin de liaison du Moto Club BFG, \u00e9crite par ses membres, est parue.<\/p>\n\n\n\n<p>Les principaux articles au sommaire de ce num\u00e9ro apr\u00e8s \u00ab\u00a0le Mot du Pr\u00e9sident\u00a0\u00bb, sont:<\/p>\n\n\n\n<ul class=\"wp-block-list\"><li>Page 4, Voyage au Sri-Lanka, par Jean Jacques Perouze.<\/li><li>Page 7, Seclin Motor show, par Jean-Michel Meunier.<\/li><li>Page 8, SRC 2019, par Philippe Perelle.<\/li><li>Page 10, Rythmes Tourangeaux, par M. et F Trouillaud.<\/li><li>Page 15, Motos fran\u00e7aises \u00e0 Charade.<\/li><li>Page 16, Rassemblement Citro\u00ebn, par Pascal Haussy et Monique Stien.<\/li><li>Page 20, Une BFG \u00e0 l&rsquo;APAPA, par Eric Morilland.<\/li><\/ul>\n","protected":false},"excerpt":{"rendered":"<p>La lettre de l&rsquo;Odyss\u00e9e n\u00b0 134, bulletin de liaison du Moto Club BFG, \u00e9crite par ses membres, est parue. Les principaux articles au sommaire de ce num\u00e9ro apr\u00e8s \u00ab\u00a0le Mot du Pr\u00e9sident\u00a0\u00bb, sont: Page 4, Voyage au Sri-Lanka, par Jean Jacques Perouze. Page 7, Seclin Motor show, par Jean-Michel Meunier. Page 8, SRC 2019, par [&hellip;]<\/p>\n","protected":false},"author":1,"featured_media":0,"comment_status":"closed","ping_status":"closed","sticky":false,"template":"","format":"standard","meta":{"footnotes":""},"categories":[4],"tags":[],"class_list":["post-1332","post","type-post","status-publish","format-standard","hentry","category-dans-la-presse"],"_links":{"self":[{"href":"https:\/\/www.bfg.asso.fr\/index.php?rest_route=\/wp\/v2\/posts\/1332","targetHints":{"allow":["GET"]}}],"collection":[{"href":"https:\/\/www.bfg.asso.fr\/index.php?rest_route=\/wp\/v2\/posts"}],"about":[{"href":"https:\/\/www.bfg.asso.fr\/index.php?rest_route=\/wp\/v2\/types\/post"}],"author":[{"embeddable":true,"href":"https:\/\/www.bfg.asso.fr\/index.php?rest_route=\/wp\/v2\/users\/1"}],"replies":[{"embeddable":true,"href":"https:\/\/www.bfg.asso.fr\/index.php?rest_route=%2Fwp%2Fv2%2Fcomments&post=1332"}],"version-history":[{"count":2,"href":"https:\/\/www.bfg.asso.fr\/index.php?rest_route=\/wp\/v2\/posts\/1332\/revisions"}],"predecessor-version":[{"id":1335,"href":"https:\/\/www.bfg.asso.fr\/index.php?rest_route=\/wp\/v2\/posts\/1332\/revisions\/1335"}],"wp:attachment":[{"href":"https:\/\/www.bfg.asso.fr\/index.php?rest_route=%2Fwp%2Fv2%2Fmedia&parent=1332"}],"wp:term":[{"taxonomy":"category","embeddable":true,"href":"https:\/\/www.bfg.asso.fr\/index.php?rest_route=%2Fwp%2Fv2%2Fcategories&post=1332"},{"taxonomy":"post_tag","embeddable":true,"href":"https:\/\/www.bfg.asso.fr\/index.php?rest_route=%2Fwp%2Fv2%2Ftags&post=1332"}],"curies":[{"name":"wp","href":"https:\/\/api.w.org\/{rel}","templated":true}]}}