	{"id":1531,"date":"2020-09-01T17:39:42","date_gmt":"2020-09-01T15:39:42","guid":{"rendered":"http:\/\/www.bfg.asso.fr\/?p=1531"},"modified":"2022-06-10T00:17:56","modified_gmt":"2022-06-09T22:17:56","slug":"la-bfg-de-juan-carlos-reapparait","status":"publish","type":"post","link":"https:\/\/www.bfg.asso.fr\/?p=1531","title":{"rendered":"La BFG de Juan Carlos r\u00e9apparait."},"content":{"rendered":"\n<p>En juin 1982, \u00e0 l&rsquo;occasion d&rsquo;un voyage officiel en Espagne, le pr\u00e9sident de la R\u00e9publique Fran\u00e7ois Mitterrand offrait une BFG flambante neuve \u00e0 un motard averti, le roi Juan Carlos 1<sup>er<\/sup> d&rsquo;Espagne.<\/p>\n\n\n<div class=\"wp-block-image\">\n<figure class=\"aligncenter size-large\"><img loading=\"lazy\" decoding=\"async\" width=\"184\" height=\"250\" src=\"https:\/\/www.bfg.asso.fr\/wp-content\/uploads\/2020\/09\/19820705-Officiel_du_cycle-0.jpg\" alt=\"\" class=\"wp-image-1533\"\/><\/figure>\n<\/div>\n\n\n<p>Cette BFG est all\u00e9e enrichir la collection personnelle du roi. Mais nul n&rsquo;a jamais revu cette BFG depuis son passage dans la cour du palais de la Zarzuela.<br>Apr\u00e8s avoir d\u00e9missionn\u00e9 en 2014, la couronne du roi d&rsquo;alors a bien p\u00e2li et le monarque est actuellement en ind\u00e9licatesse avec la justice de son pays. Au point de s&rsquo;exiler dans une lointaine contr\u00e9e en ce mois d&rsquo;ao\u00fbt 2020.<\/p>\n\n\n\n<p>Ce point d&rsquo;histoire n&rsquo;a pas \u00e9chapp\u00e9 au dessinateur de presse Marc Bertrand qui croque l&rsquo;\u00e9pisode pour notre plus grand plaisir et fait ainsi r\u00e9apparaitre cette \u00ab\u00a0royale BFG\u00a0\u00bb. Il reconna\u00eet aussi les qualit\u00e9s indubitables de la BFG pour les voyages au long cours et son aptitude \u00e0 traverser les ans sans dommages.<br>C&rsquo;est \u00e0 d\u00e9couvrir dans le dernier Moto Magazine n\u00b0369 dat\u00e9 de septembre 2020.<\/p>\n\n\n<div class=\"wp-block-image\">\n<figure class=\"aligncenter size-large is-resized\"><img decoding=\"async\" src=\"https:\/\/www.bfg.asso.fr\/wp-content\/uploads\/2020\/09\/image.png\" alt=\"\" class=\"wp-image-1532\" height=\"300\" srcset=\"https:\/\/www.bfg.asso.fr\/wp-content\/uploads\/2020\/09\/image.png 355w, https:\/\/www.bfg.asso.fr\/wp-content\/uploads\/2020\/09\/image-229x300.png 229w\" sizes=\"(max-width: 355px) 100vw, 355px\" \/><\/figure>\n<\/div>\n\n\n<p class=\"has-text-align-center\"><sub>Dessin repris avec l&rsquo;accord de Marc Bertrand. Grand Merci \u00e0 lui.<\/sub><\/p>\n","protected":false},"excerpt":{"rendered":"<p>En juin 1982, \u00e0 l&rsquo;occasion d&rsquo;un voyage officiel en Espagne, le pr\u00e9sident de la R\u00e9publique Fran\u00e7ois Mitterrand offrait une BFG flambante neuve \u00e0 un motard averti, le roi Juan Carlos 1er d&rsquo;Espagne. Cette BFG est all\u00e9e enrichir la collection personnelle du roi. Mais nul n&rsquo;a jamais revu cette BFG depuis son passage dans la cour [&hellip;]<\/p>\n","protected":false},"author":1,"featured_media":0,"comment_status":"closed","ping_status":"closed","sticky":false,"template":"","format":"standard","meta":{"footnotes":""},"categories":[4],"tags":[],"class_list":["post-1531","post","type-post","status-publish","format-standard","hentry","category-dans-la-presse"],"_links":{"self":[{"href":"https:\/\/www.bfg.asso.fr\/index.php?rest_route=\/wp\/v2\/posts\/1531","targetHints":{"allow":["GET"]}}],"collection":[{"href":"https:\/\/www.bfg.asso.fr\/index.php?rest_route=\/wp\/v2\/posts"}],"about":[{"href":"https:\/\/www.bfg.asso.fr\/index.php?rest_route=\/wp\/v2\/types\/post"}],"author":[{"embeddable":true,"href":"https:\/\/www.bfg.asso.fr\/index.php?rest_route=\/wp\/v2\/users\/1"}],"replies":[{"embeddable":true,"href":"https:\/\/www.bfg.asso.fr\/index.php?rest_route=%2Fwp%2Fv2%2Fcomments&post=1531"}],"version-history":[{"count":10,"href":"https:\/\/www.bfg.asso.fr\/index.php?rest_route=\/wp\/v2\/posts\/1531\/revisions"}],"predecessor-version":[{"id":1869,"href":"https:\/\/www.bfg.asso.fr\/index.php?rest_route=\/wp\/v2\/posts\/1531\/revisions\/1869"}],"wp:attachment":[{"href":"https:\/\/www.bfg.asso.fr\/index.php?rest_route=%2Fwp%2Fv2%2Fmedia&parent=1531"}],"wp:term":[{"taxonomy":"category","embeddable":true,"href":"https:\/\/www.bfg.asso.fr\/index.php?rest_route=%2Fwp%2Fv2%2Fcategories&post=1531"},{"taxonomy":"post_tag","embeddable":true,"href":"https:\/\/www.bfg.asso.fr\/index.php?rest_route=%2Fwp%2Fv2%2Ftags&post=1531"}],"curies":[{"name":"wp","href":"https:\/\/api.w.org\/{rel}","templated":true}]}}