	{"id":1632,"date":"2021-07-04T10:37:27","date_gmt":"2021-07-04T08:37:27","guid":{"rendered":"http:\/\/www.bfg.asso.fr\/?p=1632"},"modified":"2021-07-04T10:39:10","modified_gmt":"2021-07-04T08:39:10","slug":"annulation-des-coupes-moto-legende-2021","status":"publish","type":"post","link":"https:\/\/www.bfg.asso.fr\/?p=1632","title":{"rendered":"Annulation des Coupes Moto L\u00e9gende 2021"},"content":{"rendered":"\n<p><img loading=\"lazy\" decoding=\"async\" width=\"452\" height=\"250\" class=\"wp-image-1633\" style=\"width: 452px;\" src=\"https:\/\/www.bfg.asso.fr\/wp-content\/uploads\/2021\/07\/cml.jpg\" alt=\"\" srcset=\"https:\/\/www.bfg.asso.fr\/wp-content\/uploads\/2021\/07\/cml.jpg 452w, https:\/\/www.bfg.asso.fr\/wp-content\/uploads\/2021\/07\/cml-300x166.jpg 300w\" sizes=\"auto, (max-width: 452px) 100vw, 452px\" \/>Les clubs inscrits aux \u00ab\u00a0Coupes Moto L\u00e9gende\u00a0\u00bb, dont le MCBFG bien s\u00fbr, ont \u00e9t\u00e9 avis\u00e9s d\u00e8s le 30 juin dernier par l&rsquo;\u00e9quipe organisatrice : <strong>les \u00ab\u00a0coupes 2021\u00a0\u00bb ne se feront pas<\/strong>.<br><br>Nous vous invitons \u00e0 prendre connaissance du communiqu\u00e9 de l&rsquo;organisation sur le site des <a rel=\"noreferrer noopener\" href=\"https:\/\/www.coupes-moto-legende.fr\/actu ... us-en-2022\" target=\"_blank\">Coupes Moto L\u00e9gende<\/a>. <br><br>La d\u00e9ception est grande, \u00e9videmment, car nous \u00e9tions nombreux \u00e0 nous r\u00e9galer \u00e0 l&rsquo;avance de ce \u00ab\u00a0super week-end\u00a0\u00bb annonc\u00e9.<br><br>Gardez quand m\u00eame la gnaque, faites rouler tout de m\u00eame vos BFG et MF. Et surtout prenez soin de vous !!<br><\/p>\n","protected":false},"excerpt":{"rendered":"<p>Les clubs inscrits aux \u00ab\u00a0Coupes Moto L\u00e9gende\u00a0\u00bb, dont le MCBFG bien s\u00fbr, ont \u00e9t\u00e9 avis\u00e9s d\u00e8s le 30 juin dernier par l&rsquo;\u00e9quipe organisatrice : les \u00ab\u00a0coupes 2021\u00a0\u00bb ne se feront pas. Nous vous invitons \u00e0 prendre connaissance du communiqu\u00e9 de l&rsquo;organisation sur le site des Coupes Moto L\u00e9gende. La d\u00e9ception est grande, \u00e9videmment, car nous [&hellip;]<\/p>\n","protected":false},"author":1,"featured_media":0,"comment_status":"closed","ping_status":"closed","sticky":false,"template":"","format":"standard","meta":{"footnotes":""},"categories":[2],"tags":[],"class_list":["post-1632","post","type-post","status-publish","format-standard","hentry","category-actualites"],"_links":{"self":[{"href":"https:\/\/www.bfg.asso.fr\/index.php?rest_route=\/wp\/v2\/posts\/1632","targetHints":{"allow":["GET"]}}],"collection":[{"href":"https:\/\/www.bfg.asso.fr\/index.php?rest_route=\/wp\/v2\/posts"}],"about":[{"href":"https:\/\/www.bfg.asso.fr\/index.php?rest_route=\/wp\/v2\/types\/post"}],"author":[{"embeddable":true,"href":"https:\/\/www.bfg.asso.fr\/index.php?rest_route=\/wp\/v2\/users\/1"}],"replies":[{"embeddable":true,"href":"https:\/\/www.bfg.asso.fr\/index.php?rest_route=%2Fwp%2Fv2%2Fcomments&post=1632"}],"version-history":[{"count":2,"href":"https:\/\/www.bfg.asso.fr\/index.php?rest_route=\/wp\/v2\/posts\/1632\/revisions"}],"predecessor-version":[{"id":1635,"href":"https:\/\/www.bfg.asso.fr\/index.php?rest_route=\/wp\/v2\/posts\/1632\/revisions\/1635"}],"wp:attachment":[{"href":"https:\/\/www.bfg.asso.fr\/index.php?rest_route=%2Fwp%2Fv2%2Fmedia&parent=1632"}],"wp:term":[{"taxonomy":"category","embeddable":true,"href":"https:\/\/www.bfg.asso.fr\/index.php?rest_route=%2Fwp%2Fv2%2Fcategories&post=1632"},{"taxonomy":"post_tag","embeddable":true,"href":"https:\/\/www.bfg.asso.fr\/index.php?rest_route=%2Fwp%2Fv2%2Ftags&post=1632"}],"curies":[{"name":"wp","href":"https:\/\/api.w.org\/{rel}","templated":true}]}}