	{"id":1679,"date":"2021-09-27T14:46:00","date_gmt":"2021-09-27T12:46:00","guid":{"rendered":"https:\/\/www.bfg.asso.fr\/?p=1679"},"modified":"2021-09-29T18:03:52","modified_gmt":"2021-09-29T16:03:52","slug":"la-bfg-a-lheure-de-lapero-chez-motomagazine","status":"publish","type":"post","link":"https:\/\/www.bfg.asso.fr\/?p=1679","title":{"rendered":"La BFG \u00e0 l&rsquo;heure de l&rsquo;ap\u00e9ro chez Motomagazine"},"content":{"rendered":"\n<figure class=\"wp-block-image size-full\"><a href=\"https:\/\/www.bfg.asso.fr\/wp-content\/uploads\/2021\/09\/11.jpg\"><img loading=\"lazy\" decoding=\"async\" width=\"325\" height=\"250\" src=\"https:\/\/www.bfg.asso.fr\/wp-content\/uploads\/2021\/09\/11.jpg\" alt=\"\" class=\"wp-image-1685\" srcset=\"https:\/\/www.bfg.asso.fr\/wp-content\/uploads\/2021\/09\/11.jpg 325w, https:\/\/www.bfg.asso.fr\/wp-content\/uploads\/2021\/09\/11-300x231.jpg 300w\" sizes=\"auto, (max-width: 325px) 100vw, 325px\" \/><\/a><\/figure>\n\n\n\n<p>En ce d\u00e9but d&rsquo;automne, la BFG est tr\u00e8s demand\u00e9e. Serait-ce en pr\u00e9vision des rassemblements hivernaux dont elle est encore aujourd&rsquo;hui une habitu\u00e9e?<br><em>\u00ab\u00a0C\u2019est la moto routi\u00e8re fran\u00e7aise par excellence ! La BFG 1300 m\u00e9ritait un \u00ab\u00a0ap\u00e9ro avec Motomag\u00a0\u00bb et c\u2019est d\u00e9j\u00e0 en ligne ! Merci qui ?\u00a0\u00bb<\/em><\/p>\n\n\n\n<figure class=\"wp-block-image size-full\"><a href=\"https:\/\/www.bfg.asso.fr\/wp-content\/uploads\/2021\/09\/12.jpg\"><img loading=\"lazy\" decoding=\"async\" width=\"410\" height=\"250\" src=\"https:\/\/www.bfg.asso.fr\/wp-content\/uploads\/2021\/09\/12.jpg\" alt=\"\" class=\"wp-image-1686\" srcset=\"https:\/\/www.bfg.asso.fr\/wp-content\/uploads\/2021\/09\/12.jpg 410w, https:\/\/www.bfg.asso.fr\/wp-content\/uploads\/2021\/09\/12-300x183.jpg 300w\" sizes=\"auto, (max-width: 410px) 100vw, 410px\" \/><\/a><\/figure>\n\n\n\n<p>Ben Merci MotoMag \u00e9videmment! Car, effectivement, \u00e0 l&rsquo;heure de l&rsquo;ap\u00e9ro ce vendredi 24 septembre dernier, une BFG s&rsquo;est invit\u00e9e chez <a rel=\"noreferrer noopener\" href=\"https:\/\/www.motomag.com\/\" target=\"_blank\">Motomag<\/a>. Il s&rsquo;agit d&rsquo;une BFG bien connue au club \ud83d\ude09 pr\u00e9sent\u00e9e par son propri\u00e9taire dont le cot\u00e9 fac\u00e9tieux n&rsquo;a d&rsquo;\u00e9gal que sa grande \u00e9rudition motarde, m\u00e2tin\u00e9e bien s\u00fbr de culture bfgiste.<\/p>\n\n\n\n<p>Je vous invite sans tarder \u00e0 d\u00e9couvrir ce quart d&rsquo;heure de bonheur, avec la BFG en vedette, sur le site de <a href=\"https:\/\/www.motomag.com\/Tout-sur-la-BFG-un-nouvel-apero-avec-Motomag.html\" target=\"_blank\" rel=\"noreferrer noopener\">Motomag<\/a>.<\/p>\n","protected":false},"excerpt":{"rendered":"<p>En ce d\u00e9but d&rsquo;automne, la BFG est tr\u00e8s demand\u00e9e. Serait-ce en pr\u00e9vision des rassemblements hivernaux dont elle est encore aujourd&rsquo;hui une habitu\u00e9e?\u00ab\u00a0C\u2019est la moto routi\u00e8re fran\u00e7aise par excellence ! La BFG 1300 m\u00e9ritait un \u00ab\u00a0ap\u00e9ro avec Motomag\u00a0\u00bb et c\u2019est d\u00e9j\u00e0 en ligne ! Merci qui ?\u00a0\u00bb Ben Merci MotoMag \u00e9videmment! Car, effectivement, \u00e0 l&rsquo;heure de [&hellip;]<\/p>\n","protected":false},"author":1,"featured_media":0,"comment_status":"closed","ping_status":"closed","sticky":false,"template":"","format":"standard","meta":{"footnotes":""},"categories":[1],"tags":[],"class_list":["post-1679","post","type-post","status-publish","format-standard","hentry","category-non-classe"],"_links":{"self":[{"href":"https:\/\/www.bfg.asso.fr\/index.php?rest_route=\/wp\/v2\/posts\/1679","targetHints":{"allow":["GET"]}}],"collection":[{"href":"https:\/\/www.bfg.asso.fr\/index.php?rest_route=\/wp\/v2\/posts"}],"about":[{"href":"https:\/\/www.bfg.asso.fr\/index.php?rest_route=\/wp\/v2\/types\/post"}],"author":[{"embeddable":true,"href":"https:\/\/www.bfg.asso.fr\/index.php?rest_route=\/wp\/v2\/users\/1"}],"replies":[{"embeddable":true,"href":"https:\/\/www.bfg.asso.fr\/index.php?rest_route=%2Fwp%2Fv2%2Fcomments&post=1679"}],"version-history":[{"count":8,"href":"https:\/\/www.bfg.asso.fr\/index.php?rest_route=\/wp\/v2\/posts\/1679\/revisions"}],"predecessor-version":[{"id":1689,"href":"https:\/\/www.bfg.asso.fr\/index.php?rest_route=\/wp\/v2\/posts\/1679\/revisions\/1689"}],"wp:attachment":[{"href":"https:\/\/www.bfg.asso.fr\/index.php?rest_route=%2Fwp%2Fv2%2Fmedia&parent=1679"}],"wp:term":[{"taxonomy":"category","embeddable":true,"href":"https:\/\/www.bfg.asso.fr\/index.php?rest_route=%2Fwp%2Fv2%2Fcategories&post=1679"},{"taxonomy":"post_tag","embeddable":true,"href":"https:\/\/www.bfg.asso.fr\/index.php?rest_route=%2Fwp%2Fv2%2Ftags&post=1679"}],"curies":[{"name":"wp","href":"https:\/\/api.w.org\/{rel}","templated":true}]}}