	{"id":2282,"date":"2024-10-03T15:00:00","date_gmt":"2024-10-03T13:00:00","guid":{"rendered":"https:\/\/www.bfg.asso.fr\/?p=2282"},"modified":"2024-12-03T15:01:15","modified_gmt":"2024-12-03T14:01:15","slug":"la-lettre-de-lodyssee-154","status":"publish","type":"post","link":"https:\/\/www.bfg.asso.fr\/?p=2282","title":{"rendered":"La lettre de l\u2019Odyss\u00e9e 154"},"content":{"rendered":"<div class=\"wp-block-image\">\n<figure class=\"alignright\"><img decoding=\"async\" src=\"https:\/\/www.bfg.asso.fr\/wp-content\/uploads\/2024\/10\/154.jpg\" alt=\"\" class=\"wp-image-1333\"\/><\/figure>\n<\/div>\n\n\n<p>La lettre de l&rsquo;Odyss\u00e9e n\u00b0 154, bulletin de liaison du Moto Club BFG, \u00e9crite par ses membres, est parue.<\/p>\n\n\n\n<p>Les principaux articles au sommaire de ce num\u00e9ro apr\u00e8s \u00ab\u00a0le Mot du Pr\u00e9sident\u00a0\u00bb, sont:<\/p>\n\n\n\n<ul class=\"wp-block-list\">\n<li>Page 4,  Sortie Mesnil Mecanic, par Corinne et Xavier Deloeuvre.<\/li>\n\n\n\n<li>Page 6, Charade Moto R\u00e9tro 2024, par Michel Picandet.<\/li>\n\n\n\n<li>Page 7,  Rencontre France-Portugal, par Isabelle et Thierry Castel.<\/li>\n\n\n\n<li>Page 10, Modestinha em Portugal, par Luc Albert.<\/li>\n\n\n\n<li>Page 21, AG \u00e0 Saint Front, par M. et F. Trouillaud.<\/li>\n\n\n<li>Page 15, Sortie \u00e0 Rougon, par Jan-Jac P\u00e9rouze.<\/li>\n\n\n<li>Page 23,  Num\u00e9rotation de nos BFG, par G\u00e9rard Gaillard.<\/li>\n\n\n<\/ul>\n","protected":false},"excerpt":{"rendered":"<p>La lettre de l&rsquo;Odyss\u00e9e n\u00b0 154, bulletin de liaison du Moto Club BFG, \u00e9crite par ses membres, est parue. Les principaux articles au sommaire de ce num\u00e9ro apr\u00e8s \u00ab\u00a0le Mot du Pr\u00e9sident\u00a0\u00bb, sont:<\/p>\n","protected":false},"author":1,"featured_media":0,"comment_status":"closed","ping_status":"closed","sticky":false,"template":"","format":"standard","meta":{"footnotes":""},"categories":[4],"tags":[],"class_list":["post-2282","post","type-post","status-publish","format-standard","hentry","category-dans-la-presse"],"_links":{"self":[{"href":"https:\/\/www.bfg.asso.fr\/index.php?rest_route=\/wp\/v2\/posts\/2282","targetHints":{"allow":["GET"]}}],"collection":[{"href":"https:\/\/www.bfg.asso.fr\/index.php?rest_route=\/wp\/v2\/posts"}],"about":[{"href":"https:\/\/www.bfg.asso.fr\/index.php?rest_route=\/wp\/v2\/types\/post"}],"author":[{"embeddable":true,"href":"https:\/\/www.bfg.asso.fr\/index.php?rest_route=\/wp\/v2\/users\/1"}],"replies":[{"embeddable":true,"href":"https:\/\/www.bfg.asso.fr\/index.php?rest_route=%2Fwp%2Fv2%2Fcomments&post=2282"}],"version-history":[{"count":1,"href":"https:\/\/www.bfg.asso.fr\/index.php?rest_route=\/wp\/v2\/posts\/2282\/revisions"}],"predecessor-version":[{"id":2283,"href":"https:\/\/www.bfg.asso.fr\/index.php?rest_route=\/wp\/v2\/posts\/2282\/revisions\/2283"}],"wp:attachment":[{"href":"https:\/\/www.bfg.asso.fr\/index.php?rest_route=%2Fwp%2Fv2%2Fmedia&parent=2282"}],"wp:term":[{"taxonomy":"category","embeddable":true,"href":"https:\/\/www.bfg.asso.fr\/index.php?rest_route=%2Fwp%2Fv2%2Fcategories&post=2282"},{"taxonomy":"post_tag","embeddable":true,"href":"https:\/\/www.bfg.asso.fr\/index.php?rest_route=%2Fwp%2Fv2%2Ftags&post=2282"}],"curies":[{"name":"wp","href":"https:\/\/api.w.org\/{rel}","templated":true}]}}