	{"id":2343,"date":"2025-04-10T22:54:37","date_gmt":"2025-04-10T20:54:37","guid":{"rendered":"https:\/\/www.bfg.asso.fr\/?p=2343"},"modified":"2025-05-05T21:01:31","modified_gmt":"2025-05-05T19:01:31","slug":"le-mcbfg-met-le-cap-a-louest","status":"publish","type":"post","link":"https:\/\/www.bfg.asso.fr\/?p=2343","title":{"rendered":"Le MCBFG met le cap \u00e0 l&rsquo;ouest"},"content":{"rendered":"<div class=\"wp-block-image\">\n<figure class=\"aligncenter size-full\"><a href=\"https:\/\/www.bfg.asso.fr\/wp-content\/uploads\/2025\/04\/01.jpg\"><img loading=\"lazy\" decoding=\"async\" width=\"376\" height=\"250\" src=\"https:\/\/www.bfg.asso.fr\/wp-content\/uploads\/2025\/04\/01.jpg\" alt=\"\" class=\"wp-image-2345\" srcset=\"https:\/\/www.bfg.asso.fr\/wp-content\/uploads\/2025\/04\/01.jpg 376w, https:\/\/www.bfg.asso.fr\/wp-content\/uploads\/2025\/04\/01-300x199.jpg 300w\" sizes=\"auto, (max-width: 376px) 100vw, 376px\" \/><\/a><\/figure>\n<\/div>\n\n\n<p>Le weekend des 5 et 6 avril dernier, le Moto Club BFG a expos\u00e9 quelques BFG \u00e0 l&rsquo;occasion de la vingt-deuxi\u00e8me \u00e9dition du Salon R\u00e9tro Passion Rennes 2025.<br> Cette manifestation a \u00e9t\u00e9 l\u2019occasion de d\u00e9marrer en beaut\u00e9 2025 dans une r\u00e9gion, le grand Ouest, o\u00f9 le MCBFG n&rsquo;avait pas \u00e9t\u00e9 vu depuis quelques ann\u00e9es.<br><\/p>\n\n\n\n<p>Peu courants, peu ordinaires, d&rsquo;hier ou d&rsquo;aujourd&rsquo;hui, destin\u00e9s \u00e0 la route ou \u00e0 la piste, les deux et trois roues, motoris\u00e9s ou pas, \u00e9taient r\u00e9unis au sein du hall 7 du Parc des Expositions. <br>Tout au long de ces deux jours, les 20 000 visiteurs ont pu admirer sur notre stand huit BFG dont deux sidecars, une BFG revisit\u00e9e par Serge Lafrance et une BFG \u00ab\u00a0Police\u00a0\u00bb.<br><\/p>\n\n\n<div class=\"wp-block-image\">\n<figure class=\"aligncenter size-full\"><a href=\"https:\/\/www.bfg.asso.fr\/wp-content\/uploads\/2025\/04\/02.jpg\"><img loading=\"lazy\" decoding=\"async\" width=\"333\" height=\"250\" src=\"https:\/\/www.bfg.asso.fr\/wp-content\/uploads\/2025\/04\/02.jpg\" alt=\"\" class=\"wp-image-2346\" srcset=\"https:\/\/www.bfg.asso.fr\/wp-content\/uploads\/2025\/04\/02.jpg 333w, https:\/\/www.bfg.asso.fr\/wp-content\/uploads\/2025\/04\/02-300x225.jpg 300w\" sizes=\"auto, (max-width: 333px) 100vw, 333px\" \/><\/a><\/figure>\n<\/div>\n\n\n<p>Sur ce salon Autos \u2013 Motos, il \u00e9tait \u00e9galement possible de d\u00e9couvrir ou red\u00e9couvrir les vieilles m\u00e9caniques d\u2019antan \u00e0 quatre roues, voire plus pour certaines, sur environ 10000 m2 d\u2019exposition.<br>\u00c9taient principalement f\u00eat\u00e9es cette ann\u00e9e deux septuag\u00e9naires: Alpine et la Citro\u00ebn DS.<\/p>\n\n\n\n<p>En r\u00e9sum\u00e9, un bien beau salon o\u00f9 il fera bon revenir l&rsquo;ann\u00e9e prochaine.<\/p>\n\n\n<div class=\"wp-block-image\">\n<figure class=\"aligncenter size-full\"><a href=\"https:\/\/www.bfg.asso.fr\/wp-content\/uploads\/2025\/04\/03.jpg\"><img loading=\"lazy\" decoding=\"async\" width=\"427\" height=\"250\" src=\"https:\/\/www.bfg.asso.fr\/wp-content\/uploads\/2025\/04\/03.jpg\" alt=\"\" class=\"wp-image-2347\" srcset=\"https:\/\/www.bfg.asso.fr\/wp-content\/uploads\/2025\/04\/03.jpg 427w, https:\/\/www.bfg.asso.fr\/wp-content\/uploads\/2025\/04\/03-300x176.jpg 300w\" sizes=\"auto, (max-width: 427px) 100vw, 427px\" \/><\/a><\/figure>\n<\/div>","protected":false},"excerpt":{"rendered":"<p>Le weekend des 5 et 6 avril dernier, le Moto Club BFG a expos\u00e9 quelques BFG \u00e0 l&rsquo;occasion de la vingt-deuxi\u00e8me \u00e9dition du Salon R\u00e9tro Passion Rennes 2025. Cette manifestation a \u00e9t\u00e9 l\u2019occasion de d\u00e9marrer en beaut\u00e9 2025 dans une r\u00e9gion, le grand Ouest, o\u00f9 le MCBFG n&rsquo;avait pas \u00e9t\u00e9 vu depuis quelques ann\u00e9es. Peu [&hellip;]<\/p>\n","protected":false},"author":1,"featured_media":0,"comment_status":"closed","ping_status":"closed","sticky":false,"template":"","format":"standard","meta":{"footnotes":""},"categories":[2],"tags":[],"class_list":["post-2343","post","type-post","status-publish","format-standard","hentry","category-actualites"],"_links":{"self":[{"href":"https:\/\/www.bfg.asso.fr\/index.php?rest_route=\/wp\/v2\/posts\/2343","targetHints":{"allow":["GET"]}}],"collection":[{"href":"https:\/\/www.bfg.asso.fr\/index.php?rest_route=\/wp\/v2\/posts"}],"about":[{"href":"https:\/\/www.bfg.asso.fr\/index.php?rest_route=\/wp\/v2\/types\/post"}],"author":[{"embeddable":true,"href":"https:\/\/www.bfg.asso.fr\/index.php?rest_route=\/wp\/v2\/users\/1"}],"replies":[{"embeddable":true,"href":"https:\/\/www.bfg.asso.fr\/index.php?rest_route=%2Fwp%2Fv2%2Fcomments&post=2343"}],"version-history":[{"count":5,"href":"https:\/\/www.bfg.asso.fr\/index.php?rest_route=\/wp\/v2\/posts\/2343\/revisions"}],"predecessor-version":[{"id":2351,"href":"https:\/\/www.bfg.asso.fr\/index.php?rest_route=\/wp\/v2\/posts\/2343\/revisions\/2351"}],"wp:attachment":[{"href":"https:\/\/www.bfg.asso.fr\/index.php?rest_route=%2Fwp%2Fv2%2Fmedia&parent=2343"}],"wp:term":[{"taxonomy":"category","embeddable":true,"href":"https:\/\/www.bfg.asso.fr\/index.php?rest_route=%2Fwp%2Fv2%2Fcategories&post=2343"},{"taxonomy":"post_tag","embeddable":true,"href":"https:\/\/www.bfg.asso.fr\/index.php?rest_route=%2Fwp%2Fv2%2Ftags&post=2343"}],"curies":[{"name":"wp","href":"https:\/\/api.w.org\/{rel}","templated":true}]}}