	{"id":2364,"date":"2025-02-05T17:10:20","date_gmt":"2025-02-05T16:10:20","guid":{"rendered":"https:\/\/www.bfg.asso.fr\/?p=2364"},"modified":"2025-05-09T17:26:52","modified_gmt":"2025-05-09T15:26:52","slug":"bfg-peu-frileuse","status":"publish","type":"post","link":"https:\/\/www.bfg.asso.fr\/?p=2364","title":{"rendered":"Une BFG peu frileuse."},"content":{"rendered":"<div class=\"wp-block-image\">\n<figure class=\"aligncenter size-full\"><a href=\"https:\/\/www.bfg.asso.fr\/wp-content\/uploads\/2025\/02\/01.jpg\"><img loading=\"lazy\" decoding=\"async\" width=\"463\" height=\"250\" src=\"https:\/\/www.bfg.asso.fr\/wp-content\/uploads\/2025\/02\/01.jpg\" alt=\"\" class=\"wp-image-2367\" srcset=\"https:\/\/www.bfg.asso.fr\/wp-content\/uploads\/2025\/02\/01.jpg 463w, https:\/\/www.bfg.asso.fr\/wp-content\/uploads\/2025\/02\/01-300x162.jpg 300w\" sizes=\"auto, (max-width: 463px) 100vw, 463px\" \/><\/a><\/figure>\n<\/div>\n\n\n<p>L\u2019hebdomadaire La Vie de la Moto, sp\u00e9cialis\u00e9 dans la moto ancienne et la moto de collection, dans son \u00e9dition de ce 30 janvier 2025, nous relate la 25\u00e8me hivernale des Marmottes qui s\u2019est d\u00e9roul\u00e9e \u00e0 Saint V\u00e9ran (05) les 12 et 13 janvier.<\/p>\n\n\n<div class=\"wp-block-image\">\n<figure class=\"aligncenter size-full\"><a href=\"https:\/\/www.bfg.asso.fr\/wp-content\/uploads\/2025\/02\/02.jpg\"><img loading=\"lazy\" decoding=\"async\" width=\"209\" height=\"250\" src=\"https:\/\/www.bfg.asso.fr\/wp-content\/uploads\/2025\/02\/02.jpg\" alt=\"\" class=\"wp-image-2368\"\/><\/a><\/figure>\n<\/div>\n\n\n<p>Il y est rappel\u00e9 que 250 motards ravis ont camp\u00e9 par -13\u00b0C.<br>Parmi ceux ci Eric, BFGiste venu une fois de plus avec une bien belle BFG attel\u00e9e, grande habitu\u00e9e des rassemblements hivernaux. Eric \u00e0 lui aussi rajout\u00e9 une unit\u00e9 au compteur des participations \u00e0 cette hivernale dont il est un des fid\u00e8les.<\/p>\n\n\n\n<p>A la lecture des trois pages que compte l&rsquo;article, la BFG\/Fox qui affiche fi\u00e8rement ses plus de 300 000kms apparait m\u00eame deux fois! Une sacr\u00e9e vedette Miss BFG \ud83d\ude09<\/p>\n","protected":false},"excerpt":{"rendered":"<p>L\u2019hebdomadaire La Vie de la Moto, sp\u00e9cialis\u00e9 dans la moto ancienne et la moto de collection, dans son \u00e9dition de ce 30 janvier 2025, nous relate la 25\u00e8me hivernale des Marmottes qui s\u2019est d\u00e9roul\u00e9e \u00e0 Saint V\u00e9ran (05) les 12 et 13 janvier. Il y est rappel\u00e9 que 250 motards ravis ont camp\u00e9 par -13\u00b0C.Parmi [&hellip;]<\/p>\n","protected":false},"author":1,"featured_media":0,"comment_status":"closed","ping_status":"closed","sticky":false,"template":"","format":"standard","meta":{"footnotes":""},"categories":[1],"tags":[],"class_list":["post-2364","post","type-post","status-publish","format-standard","hentry","category-non-classe"],"_links":{"self":[{"href":"https:\/\/www.bfg.asso.fr\/index.php?rest_route=\/wp\/v2\/posts\/2364","targetHints":{"allow":["GET"]}}],"collection":[{"href":"https:\/\/www.bfg.asso.fr\/index.php?rest_route=\/wp\/v2\/posts"}],"about":[{"href":"https:\/\/www.bfg.asso.fr\/index.php?rest_route=\/wp\/v2\/types\/post"}],"author":[{"embeddable":true,"href":"https:\/\/www.bfg.asso.fr\/index.php?rest_route=\/wp\/v2\/users\/1"}],"replies":[{"embeddable":true,"href":"https:\/\/www.bfg.asso.fr\/index.php?rest_route=%2Fwp%2Fv2%2Fcomments&post=2364"}],"version-history":[{"count":4,"href":"https:\/\/www.bfg.asso.fr\/index.php?rest_route=\/wp\/v2\/posts\/2364\/revisions"}],"predecessor-version":[{"id":2370,"href":"https:\/\/www.bfg.asso.fr\/index.php?rest_route=\/wp\/v2\/posts\/2364\/revisions\/2370"}],"wp:attachment":[{"href":"https:\/\/www.bfg.asso.fr\/index.php?rest_route=%2Fwp%2Fv2%2Fmedia&parent=2364"}],"wp:term":[{"taxonomy":"category","embeddable":true,"href":"https:\/\/www.bfg.asso.fr\/index.php?rest_route=%2Fwp%2Fv2%2Fcategories&post=2364"},{"taxonomy":"post_tag","embeddable":true,"href":"https:\/\/www.bfg.asso.fr\/index.php?rest_route=%2Fwp%2Fv2%2Ftags&post=2364"}],"curies":[{"name":"wp","href":"https:\/\/api.w.org\/{rel}","templated":true}]}}